{"id":1459,"date":"2025-03-03T22:07:58","date_gmt":"2025-03-03T22:07:58","guid":{"rendered":"https:\/\/iglesias-catolicas.com\/ec\/?p=1459"},"modified":"2025-03-03T22:07:58","modified_gmt":"2025-03-03T22:07:58","slug":"sagrado-corazon-de-jesus","status":"publish","type":"post","link":"https:\/\/iglesias-catolicas.com\/ec\/patrono\/patronos\/sagrado-corazon-de-jesus\/sagrado-corazon-de-jesus\/","title":{"rendered":"Sagrado Coraz\u00f3n de Jes\u00fas"},"content":{"rendered":"\n<p>La devoci\u00f3n al <strong>Sagrado Coraz\u00f3n de Jes\u00fas<\/strong> es una expresi\u00f3n de la fe cat\u00f3lica que se centra en el amor inmenso de Jes\u00fas por la humanidad, simbolizado por su coraz\u00f3n. Su origen se remonta a la Edad Media, pero se consolid\u00f3 y difundi\u00f3 ampliamente a partir del siglo XVII.<\/p>\n\n\n\n<h3 class=\"wp-block-heading\"><strong>Ra\u00edces Medievales:<\/strong><\/h3>\n\n\n\n<ul class=\"wp-block-list\">\n<li><strong>M\u00edstica Medieval:<\/strong>\u00a0Ya en la Edad Media, algunos santos y m\u00edsticos, como San Anselmo de Canterbury, Santa Gertrudis Magna y Santa Matilde de Hackeborn, experimentaron visiones y revelaciones que les llevaron a meditar sobre el amor de Jes\u00fas y su coraz\u00f3n traspasado por la lanza.<\/li>\n\n\n\n<li><strong>Devoci\u00f3n a las Llagas:<\/strong>\u00a0La devoci\u00f3n a las llagas de Cristo, especialmente a la herida en su costado, tambi\u00e9n contribuy\u00f3 a la formaci\u00f3n de la devoci\u00f3n al Sagrado Coraz\u00f3n. Se ve\u00eda en el coraz\u00f3n traspasado un s\u00edmbolo del amor redentor de Jes\u00fas.<\/li>\n<\/ul>\n\n\n\n<h3 class=\"wp-block-heading\"><strong>Apariciones a Santa Margarita Mar\u00eda de Alacoque (Siglo XVII):<\/strong><\/h3>\n\n\n\n<ul class=\"wp-block-list\">\n<li><strong>Paray-le-Monial:<\/strong>\u00a0La devoci\u00f3n al Sagrado Coraz\u00f3n de Jes\u00fas tom\u00f3 un impulso decisivo gracias a las apariciones de Jes\u00fas a <a href=\"https:\/\/es.wikipedia.org\/wiki\/Margarita_Mar%C3%ADa_Alacoque\">Santa Margarita Mar\u00eda de Alacoque<\/a>, una monja visitandina en Paray-le-Monial, Francia, entre 1673 y 1675.<\/li>\n\n\n\n<li><strong>Revelaciones:<\/strong>\u00a0En estas apariciones, Jes\u00fas le revel\u00f3 a Margarita Mar\u00eda su deseo de que se estableciera una devoci\u00f3n especial a su Sagrado Coraz\u00f3n. Le pidi\u00f3 que se promoviera la Comuni\u00f3n reparadora el primer viernes de cada mes y que se celebrara una fiesta en honor a su Sagrado Coraz\u00f3n el viernes despu\u00e9s de la octava del Corpus Christi.<\/li>\n\n\n\n<li><strong>Promesas:<\/strong>\u00a0Jes\u00fas hizo varias promesas a quienes practicaran la devoci\u00f3n al Sagrado Coraz\u00f3n, incluyendo la paz en sus familias, consuelo en sus aflicciones, bendiciones en sus empresas y la gracia de la perseverancia final.<\/li>\n<\/ul>\n\n\n\n<h3 class=\"wp-block-heading\"><strong>Difusi\u00f3n de la Devoci\u00f3n:<\/strong><\/h3>\n\n\n\n<ul class=\"wp-block-list\">\n<li><strong>Jesuitas:<\/strong>\u00a0Los jesuitas jugaron un papel fundamental en la difusi\u00f3n de la devoci\u00f3n al Sagrado Coraz\u00f3n. Promovieron la devoci\u00f3n a trav\u00e9s de sus escritos, sus predicaciones y la fundaci\u00f3n de congregaciones y asociaciones dedicadas al Sagrado Coraz\u00f3n.<\/li>\n\n\n\n<li><strong>Resistencia Inicial:<\/strong>\u00a0Inicialmente, la devoci\u00f3n al Sagrado Coraz\u00f3n encontr\u00f3 resistencia por parte de algunos sectores de la Iglesia, que la consideraban una novedad peligrosa. Sin embargo, con el tiempo, la devoci\u00f3n fue ganando aceptaci\u00f3n y aprobaci\u00f3n oficial.<\/li>\n<\/ul>\n\n\n\n<h3 class=\"wp-block-heading\"><strong>Reconocimiento Oficial:<\/strong><\/h3>\n\n\n\n<ul class=\"wp-block-list\">\n<li><strong>Fiesta Lit\u00fargica:<\/strong>\u00a0En 1765, el <a href=\"https:\/\/es.wikipedia.org\/wiki\/Clemente_XIII\">Papa Clemente XIII<\/a> autoriz\u00f3 la celebraci\u00f3n de la fiesta del Sagrado Coraz\u00f3n de Jes\u00fas en Polonia y Roma. Posteriormente, en 1856, el Papa P\u00edo IX extendi\u00f3 la fiesta a toda la Iglesia universal.<\/li>\n\n\n\n<li><strong>Consagraci\u00f3n:<\/strong>\u00a0El <a href=\"https:\/\/es.wikipedia.org\/wiki\/Le%C3%B3n_XIII\">Papa Le\u00f3n XIII<\/a> consagr\u00f3 el mundo al Sagrado Coraz\u00f3n de Jes\u00fas en 1899.<\/li>\n<\/ul>\n\n\n\n<h3 class=\"wp-block-heading\"><strong>Simbolismo del Sagrado Coraz\u00f3n:<\/strong><\/h3>\n\n\n\n<ul class=\"wp-block-list\">\n<li><strong>Coraz\u00f3n:<\/strong>\u00a0El coraz\u00f3n es el s\u00edmbolo del amor, la bondad, la compasi\u00f3n y la misericordia de Jes\u00fas.<\/li>\n\n\n\n<li><strong>Llama:<\/strong>\u00a0La llama que emana del coraz\u00f3n representa el amor ardiente de Jes\u00fas por la humanidad.<\/li>\n\n\n\n<li><strong>Corona de Espinas:<\/strong>\u00a0La corona de espinas recuerda el sufrimiento de Jes\u00fas durante su pasi\u00f3n y muerte.<\/li>\n\n\n\n<li><strong>Cruz:<\/strong>\u00a0La cruz simboliza el sacrificio redentor de Jes\u00fas.<\/li>\n\n\n\n<li><strong>Herida:<\/strong>\u00a0La herida en el costado, causada por la lanza, recuerda el amor extremo de Jes\u00fas, que se entreg\u00f3 por completo para salvar a la humanidad.<\/li>\n<\/ul>\n\n\n\n<h2 class=\"wp-block-heading\">Devoci\u00f3n del Ecuador al Sagrado Coraz\u00f3n de Jes\u00fas<\/h2>\n\n\n\n<p>La devoci\u00f3n al Sagrado Coraz\u00f3n de Jes\u00fas lleg\u00f3 a Ecuador con la evangelizaci\u00f3n y se arraig\u00f3 profundamente en la sociedad, especialmente a partir del siglo XIX. Su historia est\u00e1 ligada a la pol\u00edtica, la educaci\u00f3n y la cultura del pa\u00eds.<\/p>\n\n\n\n<figure class=\"wp-block-image size-full\"><img loading=\"lazy\" decoding=\"async\" width=\"1024\" height=\"1024\" src=\"https:\/\/iglesias-catolicas.com\/ec\/wp-content\/uploads\/sites\/4\/2025\/03\/devocionSagradoCorazonJesus.jpg\" alt=\"Devoci\u00f3n del Ecuador al Sagrado Coraz\u00f3n de Jes\u00fas\" class=\"wp-image-1461\" srcset=\"https:\/\/iglesias-catolicas.com\/ec\/wp-content\/uploads\/sites\/4\/2025\/03\/devocionSagradoCorazonJesus.jpg 1024w, https:\/\/iglesias-catolicas.com\/ec\/wp-content\/uploads\/sites\/4\/2025\/03\/devocionSagradoCorazonJesus-300x300.jpg 300w, https:\/\/iglesias-catolicas.com\/ec\/wp-content\/uploads\/sites\/4\/2025\/03\/devocionSagradoCorazonJesus-150x150.jpg 150w, https:\/\/iglesias-catolicas.com\/ec\/wp-content\/uploads\/sites\/4\/2025\/03\/devocionSagradoCorazonJesus-768x768.jpg 768w\" sizes=\"auto, (max-width: 1024px) 100vw, 1024px\" \/><\/figure>\n\n\n\n<h3 class=\"wp-block-heading\"><strong>Llegada con la Colonia y la Evangelizaci\u00f3n:<\/strong><\/h3>\n\n\n\n<ul class=\"wp-block-list\">\n<li><strong>Misioneros y Difusi\u00f3n Inicial:<\/strong>\u00a0Al igual que en otras partes de Am\u00e9rica Latina, los misioneros espa\u00f1oles (jesuitas, franciscanos, etc.) fueron los encargados de introducir la devoci\u00f3n al Sagrado Coraz\u00f3n de Jes\u00fas en el territorio de la Real Audiencia de Quito (hoy Ecuador) durante la \u00e9poca colonial. Si bien la devoci\u00f3n no era tan prominente como otras devociones marianas, ya exist\u00edan im\u00e1genes y pr\u00e1cticas piadosas relacionadas con el Coraz\u00f3n de Jes\u00fas.<\/li>\n\n\n\n<li><strong>Influencia de la Espiritualidad Jesuita:<\/strong>\u00a0La Compa\u00f1\u00eda de Jes\u00fas (los jesuitas) tuvo una gran influencia en la difusi\u00f3n de la devoci\u00f3n al Sagrado Coraz\u00f3n en todo el mundo, y Ecuador no fue la excepci\u00f3n. Los jesuitas establecieron colegios y misiones en Ecuador, donde promovieron la devoci\u00f3n al Sagrado Coraz\u00f3n entre los estudiantes y la poblaci\u00f3n en general.<\/li>\n<\/ul>\n\n\n\n<h3 class=\"wp-block-heading\"><strong>Siglo XIX: Consagraci\u00f3n y Apogeo:<\/strong><\/h3>\n\n\n\n<ul class=\"wp-block-list\">\n<li><strong>Gabriel Garc\u00eda Moreno y la Consagraci\u00f3n:<\/strong>\u00a0El hito m\u00e1s importante en la historia de la devoci\u00f3n al Sagrado Coraz\u00f3n en Ecuador fue la consagraci\u00f3n del pa\u00eds al Sagrado Coraz\u00f3n de Jes\u00fas y a la <a href=\"https:\/\/iglesias-catolicas.com\/ec\/patrono\/advocacion-mariana\/virgen-de-la-inmaculada-concepcion-de-maria\/virgen-de-la-inmaculada-concepcion-de-maria\/\">Inmaculada Concepci\u00f3n<\/a> por parte del presidente Gabriel Garc\u00eda Moreno en 1873. Garc\u00eda Moreno, un ferviente cat\u00f3lico, consideraba que la fe era fundamental para la prosperidad y la estabilidad del pa\u00eds.<\/li>\n\n\n\n<li><strong>Motivaciones Pol\u00edticas y Religiosas:<\/strong>\u00a0La consagraci\u00f3n tuvo motivaciones tanto religiosas como pol\u00edticas. Garc\u00eda Moreno buscaba fortalecer la fe cat\u00f3lica en Ecuador, proteger al pa\u00eds de las influencias liberales y promover la unidad nacional bajo la bandera del catolicismo.<\/li>\n\n\n\n<li><strong>Construcci\u00f3n de la Bas\u00edlica del Voto Nacional:<\/strong>\u00a0Garc\u00eda Moreno impuls\u00f3 la construcci\u00f3n de la <a href=\"https:\/\/iglesias-catolicas.com\/ec\/iglesia\/quito-basilica-del-voto-nacional\/\">Bas\u00edlica del Voto Nacional en Quito<\/a> como un monumento de fe y un s\u00edmbolo de la consagraci\u00f3n del pa\u00eds al Sagrado Coraz\u00f3n de Jes\u00fas. La bas\u00edlica, con su estilo neog\u00f3tico y sus elementos simb\u00f3licos, se convirti\u00f3 en un importante centro de peregrinaci\u00f3n y devoci\u00f3n.<\/li>\n\n\n\n<li><strong>Educaci\u00f3n Cat\u00f3lica:<\/strong>\u00a0Garc\u00eda Moreno promovi\u00f3 la educaci\u00f3n cat\u00f3lica en Ecuador, estableciendo escuelas y colegios dirigidos por \u00f3rdenes religiosas, donde se ense\u00f1aba la devoci\u00f3n al Sagrado Coraz\u00f3n.<\/li>\n\n\n\n<li><strong>Oposici\u00f3n Liberal:<\/strong>\u00a0La consagraci\u00f3n y las pol\u00edticas de Garc\u00eda Moreno generaron oposici\u00f3n por parte de los liberales, que defend\u00edan la separaci\u00f3n entre la Iglesia y el Estado. Sin embargo, la devoci\u00f3n al Sagrado Coraz\u00f3n se mantuvo fuerte entre la poblaci\u00f3n cat\u00f3lica.<\/li>\n<\/ul>\n\n\n\n<h3 class=\"wp-block-heading\"><strong>Siglo XX y la Actualidad:<\/strong><\/h3>\n\n\n\n<ul class=\"wp-block-list\">\n<li><strong>Continuidad de la Devoci\u00f3n:<\/strong>\u00a0A pesar de los cambios pol\u00edticos y sociales del siglo XX, la devoci\u00f3n al Sagrado Coraz\u00f3n de Jes\u00fas se mantuvo presente en Ecuador. Se siguieron celebrando fiestas en honor al Sagrado Coraz\u00f3n, y se mantuvieron activas las congregaciones y asociaciones dedicadas a esta devoci\u00f3n.<\/li>\n\n\n\n<li><strong>Adaptaci\u00f3n a los Tiempos:<\/strong>\u00a0En la actualidad, la devoci\u00f3n al Sagrado Coraz\u00f3n de Jes\u00fas en Ecuador se ha adaptado a los tiempos modernos, incorporando nuevas formas de expresi\u00f3n y llegando a un p\u00fablico m\u00e1s amplio a trav\u00e9s de los medios de comunicaci\u00f3n y las redes sociales.<\/li>\n\n\n\n<li><strong>Significado Actual:<\/strong>\u00a0Para muchos ecuatorianos, el Sagrado Coraz\u00f3n de Jes\u00fas sigue siendo un s\u00edmbolo de amor, esperanza y protecci\u00f3n. La devoci\u00f3n al Sagrado Coraz\u00f3n es una expresi\u00f3n de la fe cat\u00f3lica y una forma de conectar con la tradici\u00f3n y la cultura del pa\u00eds.<\/li>\n<\/ul>\n\n\n\n<h3 class=\"wp-block-heading\"><strong>Devoci\u00f3n Actual:<\/strong><\/h3>\n\n\n\n<p>La devoci\u00f3n al Sagrado Coraz\u00f3n de Jes\u00fas sigue siendo muy popular en la actualidad. Millones de cat\u00f3licos en todo el mundo practican la devoci\u00f3n, rezando la Coronilla al Sagrado Coraz\u00f3n, participando en la misa del primer viernes de mes y consagrando sus vidas al Sagrado Coraz\u00f3n.<\/p>\n\n\n\n<p>La devoci\u00f3n al Sagrado Coraz\u00f3n de Jes\u00fas en Ecuador tiene sus ra\u00edces en la \u00e9poca colonial, pero se consolid\u00f3 y difundi\u00f3 ampliamente en el siglo XIX gracias a la figura de Gabriel Garc\u00eda Moreno y su consagraci\u00f3n del pa\u00eds al Sagrado Coraz\u00f3n. <\/p>\n\n\n\n<p>A pesar de los cambios hist\u00f3ricos y sociales, la devoci\u00f3n se ha mantenido presente en Ecuador y sigue siendo una expresi\u00f3n importante de la fe cat\u00f3lica y la identidad cultural del pa\u00eds. La Bas\u00edlica del Voto Nacional en Quito es un testimonio duradero de la importancia de esta devoci\u00f3n en la historia ecuatoriana.<\/p>\n","protected":false},"excerpt":{"rendered":"<p>La devoci\u00f3n al Sagrado Coraz\u00f3n de Jes\u00fas es una expresi\u00f3n de la fe cat\u00f3lica que se centra en el amor&#8230;<\/p>\n","protected":false},"author":1,"featured_media":1460,"comment_status":"open","ping_status":"open","sticky":false,"template":"","format":"standard","meta":{"footnotes":""},"categories":[123,32],"tags":[195],"class_list":["post-1459","post","type-post","status-publish","format-standard","has-post-thumbnail","hentry","category-sagrado-corazon-de-jesus","category-sagrado-corazon-de-jesus-3-de-junio","tag-sagrado-corazon-de-jesus"],"yoast_head":"<!-- This site is optimized with the Yoast SEO plugin v27.4 - https:\/\/yoast.com\/product\/yoast-seo-wordpress\/ -->\n<title>Sagrado Coraz\u00f3n de Jes\u00fas - Iglesias Cat\u00f3licas<\/title>\n<meta name=\"description\" content=\"La devoci\u00f3n al Sagrado Coraz\u00f3n de Jes\u00fas es una expresi\u00f3n de la fe cat\u00f3lica que se centra en el amor inmenso de Jes\u00fas por la humanidad.\" \/>\n<meta name=\"robots\" content=\"index, follow, max-snippet:-1, max-image-preview:large, max-video-preview:-1\" \/>\n<link rel=\"canonical\" href=\"https:\/\/iglesias-catolicas.com\/ec\/patrono\/patronos\/sagrado-corazon-de-jesus\/sagrado-corazon-de-jesus\/\" \/>\n<meta property=\"og:locale\" content=\"es_ES\" \/>\n<meta property=\"og:type\" content=\"article\" \/>\n<meta property=\"og:title\" content=\"Sagrado Coraz\u00f3n de Jes\u00fas - Iglesias Cat\u00f3licas\" \/>\n<meta property=\"og:description\" content=\"La devoci\u00f3n al Sagrado Coraz\u00f3n de Jes\u00fas es una expresi\u00f3n de la fe cat\u00f3lica que se centra en el amor inmenso de Jes\u00fas por la humanidad.\" \/>\n<meta property=\"og:url\" content=\"https:\/\/iglesias-catolicas.com\/ec\/patrono\/patronos\/sagrado-corazon-de-jesus\/sagrado-corazon-de-jesus\/\" \/>\n<meta property=\"og:site_name\" content=\"Iglesias Cat\u00f3licas\" \/>\n<meta property=\"article:published_time\" content=\"2025-03-03T22:07:58+00:00\" \/>\n<meta property=\"og:image\" content=\"https:\/\/iglesias-catolicas.com\/ec\/wp-content\/uploads\/sites\/4\/2025\/03\/ImagenSagradoCorazonJesus.jpg\" \/>\n\t<meta property=\"og:image:width\" content=\"1024\" \/>\n\t<meta property=\"og:image:height\" content=\"1024\" \/>\n\t<meta property=\"og:image:type\" content=\"image\/jpeg\" \/>\n<meta name=\"author\" content=\"eligesermejor\" \/>\n<meta name=\"twitter:card\" content=\"summary_large_image\" \/>\n<meta name=\"twitter:label1\" content=\"Escrito por\" \/>\n\t<meta name=\"twitter:data1\" content=\"eligesermejor\" \/>\n\t<meta name=\"twitter:label2\" content=\"Tiempo de lectura\" \/>\n\t<meta name=\"twitter:data2\" content=\"6 minutos\" \/>\n<script type=\"application\/ld+json\" class=\"yoast-schema-graph\">{\"@context\":\"https:\\\/\\\/schema.org\",\"@graph\":[{\"@type\":\"Article\",\"@id\":\"https:\\\/\\\/iglesias-catolicas.com\\\/ec\\\/patrono\\\/patronos\\\/sagrado-corazon-de-jesus\\\/sagrado-corazon-de-jesus\\\/#article\",\"isPartOf\":{\"@id\":\"https:\\\/\\\/iglesias-catolicas.com\\\/ec\\\/patrono\\\/patronos\\\/sagrado-corazon-de-jesus\\\/sagrado-corazon-de-jesus\\\/\"},\"author\":{\"name\":\"eligesermejor\",\"@id\":\"https:\\\/\\\/iglesias-catolicas.com\\\/ec\\\/#\\\/schema\\\/person\\\/57ffaa9d52a939a861543bd787925826\"},\"headline\":\"Sagrado Coraz\u00f3n de Jes\u00fas\",\"datePublished\":\"2025-03-03T22:07:58+00:00\",\"mainEntityOfPage\":{\"@id\":\"https:\\\/\\\/iglesias-catolicas.com\\\/ec\\\/patrono\\\/patronos\\\/sagrado-corazon-de-jesus\\\/sagrado-corazon-de-jesus\\\/\"},\"wordCount\":1404,\"commentCount\":1,\"publisher\":{\"@id\":\"https:\\\/\\\/iglesias-catolicas.com\\\/ec\\\/#organization\"},\"image\":{\"@id\":\"https:\\\/\\\/iglesias-catolicas.com\\\/ec\\\/patrono\\\/patronos\\\/sagrado-corazon-de-jesus\\\/sagrado-corazon-de-jesus\\\/#primaryimage\"},\"thumbnailUrl\":\"https:\\\/\\\/iglesias-catolicas.com\\\/ec\\\/wp-content\\\/uploads\\\/sites\\\/4\\\/2025\\\/03\\\/ImagenSagradoCorazonJesus.jpg\",\"keywords\":[\"Sagrado Coraz\u00f3n de Jes\u00fas\"],\"articleSection\":[\"Sagrado Coraz\u00f3n de Jes\u00fas\",\"Sagrado Coraz\u00f3n de Jes\u00fas - 3 de junio\"],\"inLanguage\":\"es\",\"potentialAction\":[{\"@type\":\"CommentAction\",\"name\":\"Comment\",\"target\":[\"https:\\\/\\\/iglesias-catolicas.com\\\/ec\\\/patrono\\\/patronos\\\/sagrado-corazon-de-jesus\\\/sagrado-corazon-de-jesus\\\/#respond\"]}]},{\"@type\":\"WebPage\",\"@id\":\"https:\\\/\\\/iglesias-catolicas.com\\\/ec\\\/patrono\\\/patronos\\\/sagrado-corazon-de-jesus\\\/sagrado-corazon-de-jesus\\\/\",\"url\":\"https:\\\/\\\/iglesias-catolicas.com\\\/ec\\\/patrono\\\/patronos\\\/sagrado-corazon-de-jesus\\\/sagrado-corazon-de-jesus\\\/\",\"name\":\"Sagrado Coraz\u00f3n de Jes\u00fas - Iglesias Cat\u00f3licas\",\"isPartOf\":{\"@id\":\"https:\\\/\\\/iglesias-catolicas.com\\\/ec\\\/#website\"},\"primaryImageOfPage\":{\"@id\":\"https:\\\/\\\/iglesias-catolicas.com\\\/ec\\\/patrono\\\/patronos\\\/sagrado-corazon-de-jesus\\\/sagrado-corazon-de-jesus\\\/#primaryimage\"},\"image\":{\"@id\":\"https:\\\/\\\/iglesias-catolicas.com\\\/ec\\\/patrono\\\/patronos\\\/sagrado-corazon-de-jesus\\\/sagrado-corazon-de-jesus\\\/#primaryimage\"},\"thumbnailUrl\":\"https:\\\/\\\/iglesias-catolicas.com\\\/ec\\\/wp-content\\\/uploads\\\/sites\\\/4\\\/2025\\\/03\\\/ImagenSagradoCorazonJesus.jpg\",\"datePublished\":\"2025-03-03T22:07:58+00:00\",\"description\":\"La devoci\u00f3n al Sagrado Coraz\u00f3n de Jes\u00fas es una expresi\u00f3n de la fe cat\u00f3lica que se centra en el amor inmenso de Jes\u00fas por la humanidad.\",\"breadcrumb\":{\"@id\":\"https:\\\/\\\/iglesias-catolicas.com\\\/ec\\\/patrono\\\/patronos\\\/sagrado-corazon-de-jesus\\\/sagrado-corazon-de-jesus\\\/#breadcrumb\"},\"inLanguage\":\"es\",\"potentialAction\":[{\"@type\":\"ReadAction\",\"target\":[\"https:\\\/\\\/iglesias-catolicas.com\\\/ec\\\/patrono\\\/patronos\\\/sagrado-corazon-de-jesus\\\/sagrado-corazon-de-jesus\\\/\"]}]},{\"@type\":\"ImageObject\",\"inLanguage\":\"es\",\"@id\":\"https:\\\/\\\/iglesias-catolicas.com\\\/ec\\\/patrono\\\/patronos\\\/sagrado-corazon-de-jesus\\\/sagrado-corazon-de-jesus\\\/#primaryimage\",\"url\":\"https:\\\/\\\/iglesias-catolicas.com\\\/ec\\\/wp-content\\\/uploads\\\/sites\\\/4\\\/2025\\\/03\\\/ImagenSagradoCorazonJesus.jpg\",\"contentUrl\":\"https:\\\/\\\/iglesias-catolicas.com\\\/ec\\\/wp-content\\\/uploads\\\/sites\\\/4\\\/2025\\\/03\\\/ImagenSagradoCorazonJesus.jpg\",\"width\":1024,\"height\":1024,\"caption\":\"Sagrado Coraz\u00f3n de Jes\u00fas\"},{\"@type\":\"BreadcrumbList\",\"@id\":\"https:\\\/\\\/iglesias-catolicas.com\\\/ec\\\/patrono\\\/patronos\\\/sagrado-corazon-de-jesus\\\/sagrado-corazon-de-jesus\\\/#breadcrumb\",\"itemListElement\":[{\"@type\":\"ListItem\",\"position\":1,\"name\":\"Portada\",\"item\":\"https:\\\/\\\/iglesias-catolicas.com\\\/ec\\\/\"},{\"@type\":\"ListItem\",\"position\":2,\"name\":\"Sagrado Coraz\u00f3n de Jes\u00fas\"}]},{\"@type\":\"WebSite\",\"@id\":\"https:\\\/\\\/iglesias-catolicas.com\\\/ec\\\/#website\",\"url\":\"https:\\\/\\\/iglesias-catolicas.com\\\/ec\\\/\",\"name\":\"Iglesias Cat\u00f3licas\",\"description\":\"Directorio de Iglesias Catolicas\",\"publisher\":{\"@id\":\"https:\\\/\\\/iglesias-catolicas.com\\\/ec\\\/#organization\"},\"potentialAction\":[{\"@type\":\"SearchAction\",\"target\":{\"@type\":\"EntryPoint\",\"urlTemplate\":\"https:\\\/\\\/iglesias-catolicas.com\\\/ec\\\/?s={search_term_string}\"},\"query-input\":{\"@type\":\"PropertyValueSpecification\",\"valueRequired\":true,\"valueName\":\"search_term_string\"}}],\"inLanguage\":\"es\"},{\"@type\":\"Organization\",\"@id\":\"https:\\\/\\\/iglesias-catolicas.com\\\/ec\\\/#organization\",\"name\":\"Iglesias Cat\u00f3licas\",\"url\":\"https:\\\/\\\/iglesias-catolicas.com\\\/ec\\\/\",\"logo\":{\"@type\":\"ImageObject\",\"inLanguage\":\"es\",\"@id\":\"https:\\\/\\\/iglesias-catolicas.com\\\/ec\\\/#\\\/schema\\\/logo\\\/image\\\/\",\"url\":\"https:\\\/\\\/iglesias-catolicas.com\\\/ec\\\/wp-content\\\/uploads\\\/sites\\\/4\\\/2022\\\/03\\\/iglesias-catolicas.png\",\"contentUrl\":\"https:\\\/\\\/iglesias-catolicas.com\\\/ec\\\/wp-content\\\/uploads\\\/sites\\\/4\\\/2022\\\/03\\\/iglesias-catolicas.png\",\"width\":640,\"height\":640,\"caption\":\"Iglesias Cat\u00f3licas\"},\"image\":{\"@id\":\"https:\\\/\\\/iglesias-catolicas.com\\\/ec\\\/#\\\/schema\\\/logo\\\/image\\\/\"}},{\"@type\":\"Person\",\"@id\":\"https:\\\/\\\/iglesias-catolicas.com\\\/ec\\\/#\\\/schema\\\/person\\\/57ffaa9d52a939a861543bd787925826\",\"name\":\"eligesermejor\",\"image\":{\"@type\":\"ImageObject\",\"inLanguage\":\"es\",\"@id\":\"https:\\\/\\\/secure.gravatar.com\\\/avatar\\\/83d18473ed8a559936fbee2926bb4da29682cd78a27a6ddf05c28037978fe515?s=96&d=mm&r=g\",\"url\":\"https:\\\/\\\/secure.gravatar.com\\\/avatar\\\/83d18473ed8a559936fbee2926bb4da29682cd78a27a6ddf05c28037978fe515?s=96&d=mm&r=g\",\"contentUrl\":\"https:\\\/\\\/secure.gravatar.com\\\/avatar\\\/83d18473ed8a559936fbee2926bb4da29682cd78a27a6ddf05c28037978fe515?s=96&d=mm&r=g\",\"caption\":\"eligesermejor\"},\"sameAs\":[\"https:\\\/\\\/iglesias-catolicas.com\"]}]}<\/script>\n<!-- \/ Yoast SEO plugin. -->","yoast_head_json":{"title":"Sagrado Coraz\u00f3n de Jes\u00fas - Iglesias Cat\u00f3licas","description":"La devoci\u00f3n al Sagrado Coraz\u00f3n de Jes\u00fas es una expresi\u00f3n de la fe cat\u00f3lica que se centra en el amor inmenso de Jes\u00fas por la humanidad.","robots":{"index":"index","follow":"follow","max-snippet":"max-snippet:-1","max-image-preview":"max-image-preview:large","max-video-preview":"max-video-preview:-1"},"canonical":"https:\/\/iglesias-catolicas.com\/ec\/patrono\/patronos\/sagrado-corazon-de-jesus\/sagrado-corazon-de-jesus\/","og_locale":"es_ES","og_type":"article","og_title":"Sagrado Coraz\u00f3n de Jes\u00fas - Iglesias Cat\u00f3licas","og_description":"La devoci\u00f3n al Sagrado Coraz\u00f3n de Jes\u00fas es una expresi\u00f3n de la fe cat\u00f3lica que se centra en el amor inmenso de Jes\u00fas por la humanidad.","og_url":"https:\/\/iglesias-catolicas.com\/ec\/patrono\/patronos\/sagrado-corazon-de-jesus\/sagrado-corazon-de-jesus\/","og_site_name":"Iglesias Cat\u00f3licas","article_published_time":"2025-03-03T22:07:58+00:00","og_image":[{"width":1024,"height":1024,"url":"https:\/\/iglesias-catolicas.com\/ec\/wp-content\/uploads\/sites\/4\/2025\/03\/ImagenSagradoCorazonJesus.jpg","type":"image\/jpeg"}],"author":"eligesermejor","twitter_card":"summary_large_image","twitter_misc":{"Escrito por":"eligesermejor","Tiempo de lectura":"6 minutos"},"schema":{"@context":"https:\/\/schema.org","@graph":[{"@type":"Article","@id":"https:\/\/iglesias-catolicas.com\/ec\/patrono\/patronos\/sagrado-corazon-de-jesus\/sagrado-corazon-de-jesus\/#article","isPartOf":{"@id":"https:\/\/iglesias-catolicas.com\/ec\/patrono\/patronos\/sagrado-corazon-de-jesus\/sagrado-corazon-de-jesus\/"},"author":{"name":"eligesermejor","@id":"https:\/\/iglesias-catolicas.com\/ec\/#\/schema\/person\/57ffaa9d52a939a861543bd787925826"},"headline":"Sagrado Coraz\u00f3n de Jes\u00fas","datePublished":"2025-03-03T22:07:58+00:00","mainEntityOfPage":{"@id":"https:\/\/iglesias-catolicas.com\/ec\/patrono\/patronos\/sagrado-corazon-de-jesus\/sagrado-corazon-de-jesus\/"},"wordCount":1404,"commentCount":1,"publisher":{"@id":"https:\/\/iglesias-catolicas.com\/ec\/#organization"},"image":{"@id":"https:\/\/iglesias-catolicas.com\/ec\/patrono\/patronos\/sagrado-corazon-de-jesus\/sagrado-corazon-de-jesus\/#primaryimage"},"thumbnailUrl":"https:\/\/iglesias-catolicas.com\/ec\/wp-content\/uploads\/sites\/4\/2025\/03\/ImagenSagradoCorazonJesus.jpg","keywords":["Sagrado Coraz\u00f3n de Jes\u00fas"],"articleSection":["Sagrado Coraz\u00f3n de Jes\u00fas","Sagrado Coraz\u00f3n de Jes\u00fas - 3 de junio"],"inLanguage":"es","potentialAction":[{"@type":"CommentAction","name":"Comment","target":["https:\/\/iglesias-catolicas.com\/ec\/patrono\/patronos\/sagrado-corazon-de-jesus\/sagrado-corazon-de-jesus\/#respond"]}]},{"@type":"WebPage","@id":"https:\/\/iglesias-catolicas.com\/ec\/patrono\/patronos\/sagrado-corazon-de-jesus\/sagrado-corazon-de-jesus\/","url":"https:\/\/iglesias-catolicas.com\/ec\/patrono\/patronos\/sagrado-corazon-de-jesus\/sagrado-corazon-de-jesus\/","name":"Sagrado Coraz\u00f3n de Jes\u00fas - Iglesias Cat\u00f3licas","isPartOf":{"@id":"https:\/\/iglesias-catolicas.com\/ec\/#website"},"primaryImageOfPage":{"@id":"https:\/\/iglesias-catolicas.com\/ec\/patrono\/patronos\/sagrado-corazon-de-jesus\/sagrado-corazon-de-jesus\/#primaryimage"},"image":{"@id":"https:\/\/iglesias-catolicas.com\/ec\/patrono\/patronos\/sagrado-corazon-de-jesus\/sagrado-corazon-de-jesus\/#primaryimage"},"thumbnailUrl":"https:\/\/iglesias-catolicas.com\/ec\/wp-content\/uploads\/sites\/4\/2025\/03\/ImagenSagradoCorazonJesus.jpg","datePublished":"2025-03-03T22:07:58+00:00","description":"La devoci\u00f3n al Sagrado Coraz\u00f3n de Jes\u00fas es una expresi\u00f3n de la fe cat\u00f3lica que se centra en el amor inmenso de Jes\u00fas por la humanidad.","breadcrumb":{"@id":"https:\/\/iglesias-catolicas.com\/ec\/patrono\/patronos\/sagrado-corazon-de-jesus\/sagrado-corazon-de-jesus\/#breadcrumb"},"inLanguage":"es","potentialAction":[{"@type":"ReadAction","target":["https:\/\/iglesias-catolicas.com\/ec\/patrono\/patronos\/sagrado-corazon-de-jesus\/sagrado-corazon-de-jesus\/"]}]},{"@type":"ImageObject","inLanguage":"es","@id":"https:\/\/iglesias-catolicas.com\/ec\/patrono\/patronos\/sagrado-corazon-de-jesus\/sagrado-corazon-de-jesus\/#primaryimage","url":"https:\/\/iglesias-catolicas.com\/ec\/wp-content\/uploads\/sites\/4\/2025\/03\/ImagenSagradoCorazonJesus.jpg","contentUrl":"https:\/\/iglesias-catolicas.com\/ec\/wp-content\/uploads\/sites\/4\/2025\/03\/ImagenSagradoCorazonJesus.jpg","width":1024,"height":1024,"caption":"Sagrado Coraz\u00f3n de Jes\u00fas"},{"@type":"BreadcrumbList","@id":"https:\/\/iglesias-catolicas.com\/ec\/patrono\/patronos\/sagrado-corazon-de-jesus\/sagrado-corazon-de-jesus\/#breadcrumb","itemListElement":[{"@type":"ListItem","position":1,"name":"Portada","item":"https:\/\/iglesias-catolicas.com\/ec\/"},{"@type":"ListItem","position":2,"name":"Sagrado Coraz\u00f3n de Jes\u00fas"}]},{"@type":"WebSite","@id":"https:\/\/iglesias-catolicas.com\/ec\/#website","url":"https:\/\/iglesias-catolicas.com\/ec\/","name":"Iglesias Cat\u00f3licas","description":"Directorio de Iglesias Catolicas","publisher":{"@id":"https:\/\/iglesias-catolicas.com\/ec\/#organization"},"potentialAction":[{"@type":"SearchAction","target":{"@type":"EntryPoint","urlTemplate":"https:\/\/iglesias-catolicas.com\/ec\/?s={search_term_string}"},"query-input":{"@type":"PropertyValueSpecification","valueRequired":true,"valueName":"search_term_string"}}],"inLanguage":"es"},{"@type":"Organization","@id":"https:\/\/iglesias-catolicas.com\/ec\/#organization","name":"Iglesias Cat\u00f3licas","url":"https:\/\/iglesias-catolicas.com\/ec\/","logo":{"@type":"ImageObject","inLanguage":"es","@id":"https:\/\/iglesias-catolicas.com\/ec\/#\/schema\/logo\/image\/","url":"https:\/\/iglesias-catolicas.com\/ec\/wp-content\/uploads\/sites\/4\/2022\/03\/iglesias-catolicas.png","contentUrl":"https:\/\/iglesias-catolicas.com\/ec\/wp-content\/uploads\/sites\/4\/2022\/03\/iglesias-catolicas.png","width":640,"height":640,"caption":"Iglesias Cat\u00f3licas"},"image":{"@id":"https:\/\/iglesias-catolicas.com\/ec\/#\/schema\/logo\/image\/"}},{"@type":"Person","@id":"https:\/\/iglesias-catolicas.com\/ec\/#\/schema\/person\/57ffaa9d52a939a861543bd787925826","name":"eligesermejor","image":{"@type":"ImageObject","inLanguage":"es","@id":"https:\/\/secure.gravatar.com\/avatar\/83d18473ed8a559936fbee2926bb4da29682cd78a27a6ddf05c28037978fe515?s=96&d=mm&r=g","url":"https:\/\/secure.gravatar.com\/avatar\/83d18473ed8a559936fbee2926bb4da29682cd78a27a6ddf05c28037978fe515?s=96&d=mm&r=g","contentUrl":"https:\/\/secure.gravatar.com\/avatar\/83d18473ed8a559936fbee2926bb4da29682cd78a27a6ddf05c28037978fe515?s=96&d=mm&r=g","caption":"eligesermejor"},"sameAs":["https:\/\/iglesias-catolicas.com"]}]}},"featured_image_src":"https:\/\/iglesias-catolicas.com\/ec\/wp-content\/uploads\/sites\/4\/2025\/03\/ImagenSagradoCorazonJesus.jpg","featured_image_src_square":"https:\/\/iglesias-catolicas.com\/ec\/wp-content\/uploads\/sites\/4\/2025\/03\/ImagenSagradoCorazonJesus.jpg","author_info":{"display_name":"eligesermejor","author_link":"https:\/\/iglesias-catolicas.com\/ec\/author\/eligesermejor\/"},"rbea_author_info":{"display_name":"eligesermejor","author_link":"https:\/\/iglesias-catolicas.com\/ec\/author\/eligesermejor\/"},"rbea_excerpt_info":"La devoci\u00f3n al Sagrado Coraz\u00f3n de Jes\u00fas es una expresi\u00f3n de la fe cat\u00f3lica que se centra en el amor...","category_list":"<a href=\"https:\/\/iglesias-catolicas.com\/ec\/category\/patrono\/patronos\/sagrado-corazon-de-jesus\/\" rel=\"category tag\">Sagrado Coraz\u00f3n de Jes\u00fas<\/a>, <a href=\"https:\/\/iglesias-catolicas.com\/ec\/category\/festividad\/sagrado-corazon-de-jesus-3-de-junio\/\" rel=\"category tag\">Sagrado Coraz\u00f3n de Jes\u00fas - 3 de junio<\/a>","comments_num":"1 comment","_links":{"self":[{"href":"https:\/\/iglesias-catolicas.com\/ec\/wp-json\/wp\/v2\/posts\/1459","targetHints":{"allow":["GET"]}}],"collection":[{"href":"https:\/\/iglesias-catolicas.com\/ec\/wp-json\/wp\/v2\/posts"}],"about":[{"href":"https:\/\/iglesias-catolicas.com\/ec\/wp-json\/wp\/v2\/types\/post"}],"author":[{"embeddable":true,"href":"https:\/\/iglesias-catolicas.com\/ec\/wp-json\/wp\/v2\/users\/1"}],"replies":[{"embeddable":true,"href":"https:\/\/iglesias-catolicas.com\/ec\/wp-json\/wp\/v2\/comments?post=1459"}],"version-history":[{"count":1,"href":"https:\/\/iglesias-catolicas.com\/ec\/wp-json\/wp\/v2\/posts\/1459\/revisions"}],"predecessor-version":[{"id":1462,"href":"https:\/\/iglesias-catolicas.com\/ec\/wp-json\/wp\/v2\/posts\/1459\/revisions\/1462"}],"wp:featuredmedia":[{"embeddable":true,"href":"https:\/\/iglesias-catolicas.com\/ec\/wp-json\/wp\/v2\/media\/1460"}],"wp:attachment":[{"href":"https:\/\/iglesias-catolicas.com\/ec\/wp-json\/wp\/v2\/media?parent=1459"}],"wp:term":[{"taxonomy":"category","embeddable":true,"href":"https:\/\/iglesias-catolicas.com\/ec\/wp-json\/wp\/v2\/categories?post=1459"},{"taxonomy":"post_tag","embeddable":true,"href":"https:\/\/iglesias-catolicas.com\/ec\/wp-json\/wp\/v2\/tags?post=1459"}],"curies":[{"name":"wp","href":"https:\/\/api.w.org\/{rel}","templated":true}]}}